{"id":16346,"date":"2025-09-01T20:02:08","date_gmt":"2025-09-01T19:02:08","guid":{"rendered":"https:\/\/serbiaorganica.info\/?p=16346"},"modified":"2025-09-08T06:46:23","modified_gmt":"2025-09-08T05:46:23","slug":"serbian-delegation-led-by-serbia-organica-at-the-3rd-world-congress-on-bio-organic-districts-in-china","status":"publish","type":"post","link":"https:\/\/serbiaorganica.info\/en\/serbian-delegation-led-by-serbia-organica-at-the-3rd-world-congress-on-bio-organic-districts-in-china\/","title":{"rendered":"Serbian Delegation Led by Serbia Organica at the 3rd World Congress on Bio\/Organic Districts in China"},"content":{"rendered":"<p data-start=\"107\" data-end=\"484\">At the prestigious gathering that brought together more than 100 experts from 25 countries across 5 continents, held from August 26 to 29, 2025, in Lingqiu, Datong (China), Serbia made a significant step forward toward international recognition in the field of organic agriculture and sustainable rural development, by presenting its first biodistrict-<a href=\"https:\/\/www.biodistrikt.rs\/\"><strong data-start=\"459\" data-end=\"483\">Kolubara Biodistrict<\/strong>.<\/a><\/p>\n<p data-start=\"486\" data-end=\"668\">The delegation was led by <strong data-start=\"512\" data-end=\"531\">Serbia Organica<\/strong>, which showcased to the world the development path of the first territorial development model through organic agriculture in our region.<\/p>\n<p data-start=\"670\" data-end=\"1089\"><strong data-start=\"670\" data-end=\"685\">Ivana Simi\u0107<\/strong>, on behalf of Serbia Organica, presented the process of introducing the biodistrict concept in Serbia, as well as the concrete achievements reached by applying a unique methodology based on the IN.N.E.R. methodology, but adapted to the local context and conditions. This enabled the creation of this significant and functional example that stands out not only in Serbia but also in the wider region.<\/p>\n<p data-start=\"1091\" data-end=\"1390\"><strong data-start=\"1091\" data-end=\"1109\">Pavle \u0110or\u0111evi\u0107<\/strong>, coordinator of the Kolubara Biodistrict, presented this pioneering initiative, highlighting best practices of cooperation between the local community and institutions, based on organic production aimed at protecting natural resources, biodiversity, and improving organic farming.<\/p>\n<p data-start=\"1392\" data-end=\"1742\"><strong data-start=\"1392\" data-end=\"1410\">Congress theme<\/strong>:<br data-start=\"1411\" data-end=\"1414\" \/><em>\u201c<strong data-start=\"1415\" data-end=\"1518\">Holistic Organic Agriculture as a Driver of High-Quality Economic Development at the District Level<\/strong>\u201d<\/em>, organized in co-organization with the local government of Datong and<a href=\"https:\/\/www.ifoamasia.org\/\"> IFOAM Asia<\/a>, with support from the <a href=\"https:\/\/www.facebook.com\/biodistretti\">International Network of Eco-Regions (IN.N.E.R)<\/a> and the <a href=\"https:\/\/gaod.online\/\">Global Alliance of Organic Districts (GAOD).<\/a><\/p>\n<p data-start=\"1744\" data-end=\"1881\">The conference focused on solutions to climate change, land degradation, and the implementation of environmentally friendly technologies.<\/p>\n<p data-start=\"1883\" data-end=\"2003\">Throughout the forum, numerous examples of good practice were presented, along with calls for international cooperation.<\/p>\n<p data-start=\"2005\" data-end=\"2180\">This event demonstrates that organic agriculture is not just a method of production, but a tool for social transformation, economic renewal, and global solidarity.<\/p>\n<p data-start=\"2182\" data-end=\"2442\" data-is-last-node=\"\" data-is-only-node=\"\">Serbia\u2019s participation in this important congress confirms that we are part of the global movement for a sustainable future, and that we have much to offer-knowledge, vision, experience, and concrete innovative models, such as the <a href=\"https:\/\/www.biodistrikt.rs\/\"><strong data-start=\"2417\" data-end=\"2441\">Kolubara Biodistrict<\/strong>.<\/a><\/p>\n<div>\n<div id=\"attachment_16307\" style=\"width: 2570px\" class=\"wp-caption alignnone\"><img fetchpriority=\"high\" decoding=\"async\" aria-describedby=\"caption-attachment-16307\" class=\"wp-image-16307 size-full\" src=\"https:\/\/serbiaorganica.info\/wp-content\/uploads\/2025\/09\/IMG_20250827_153514-scaled.jpg\" alt=\"Ivana Simi\u0107, Serbia Organica, Serbia Organika, Biodistrikt, Biodistrikti\" width=\"2560\" height=\"1920\" srcset=\"https:\/\/serbiaorganica.info\/wp-content\/uploads\/2025\/09\/IMG_20250827_153514-scaled.jpg 2560w, https:\/\/serbiaorganica.info\/wp-content\/uploads\/2025\/09\/IMG_20250827_153514-300x225.jpg 300w, https:\/\/serbiaorganica.info\/wp-content\/uploads\/2025\/09\/IMG_20250827_153514-1024x768.jpg 1024w, https:\/\/serbiaorganica.info\/wp-content\/uploads\/2025\/09\/IMG_20250827_153514-768x576.jpg 768w, https:\/\/serbiaorganica.info\/wp-content\/uploads\/2025\/09\/IMG_20250827_153514-1536x1152.jpg 1536w, https:\/\/serbiaorganica.info\/wp-content\/uploads\/2025\/09\/IMG_20250827_153514-2048x1536.jpg 2048w, https:\/\/serbiaorganica.info\/wp-content\/uploads\/2025\/09\/IMG_20250827_153514-1824x1368.jpg 1824w, https:\/\/serbiaorganica.info\/wp-content\/uploads\/2025\/09\/IMG_20250827_153514-1220x915.jpg 1220w, https:\/\/serbiaorganica.info\/wp-content\/uploads\/2025\/09\/IMG_20250827_153514-915x686.jpg 915w, https:\/\/serbiaorganica.info\/wp-content\/uploads\/2025\/09\/IMG_20250827_153514-600x450.jpg 600w, https:\/\/serbiaorganica.info\/wp-content\/uploads\/2025\/09\/IMG_20250827_153514-290x218.jpg 290w\" sizes=\"(max-width: 2560px) 100vw, 2560px\" \/><p id=\"caption-attachment-16307\" class=\"wp-caption-text\">Ivana Simi\u0107<\/p><\/div>\n<\/div>\n<div>\n<div id=\"attachment_16311\" style=\"width: 1610px\" class=\"wp-caption alignnone\"><img decoding=\"async\" aria-describedby=\"caption-attachment-16311\" class=\"wp-image-16311 size-full\" src=\"https:\/\/serbiaorganica.info\/wp-content\/uploads\/2025\/09\/viber_slika_2025-09-04_08-06-15-934.jpg\" alt=\"\" width=\"1600\" height=\"1200\" srcset=\"https:\/\/serbiaorganica.info\/wp-content\/uploads\/2025\/09\/viber_slika_2025-09-04_08-06-15-934.jpg 1600w, https:\/\/serbiaorganica.info\/wp-content\/uploads\/2025\/09\/viber_slika_2025-09-04_08-06-15-934-300x225.jpg 300w, https:\/\/serbiaorganica.info\/wp-content\/uploads\/2025\/09\/viber_slika_2025-09-04_08-06-15-934-1024x768.jpg 1024w, https:\/\/serbiaorganica.info\/wp-content\/uploads\/2025\/09\/viber_slika_2025-09-04_08-06-15-934-768x576.jpg 768w, https:\/\/serbiaorganica.info\/wp-content\/uploads\/2025\/09\/viber_slika_2025-09-04_08-06-15-934-1536x1152.jpg 1536w, https:\/\/serbiaorganica.info\/wp-content\/uploads\/2025\/09\/viber_slika_2025-09-04_08-06-15-934-800x600.jpg 800w, https:\/\/serbiaorganica.info\/wp-content\/uploads\/2025\/09\/viber_slika_2025-09-04_08-06-15-934-1220x915.jpg 1220w, https:\/\/serbiaorganica.info\/wp-content\/uploads\/2025\/09\/viber_slika_2025-09-04_08-06-15-934-915x686.jpg 915w, https:\/\/serbiaorganica.info\/wp-content\/uploads\/2025\/09\/viber_slika_2025-09-04_08-06-15-934-600x450.jpg 600w, https:\/\/serbiaorganica.info\/wp-content\/uploads\/2025\/09\/viber_slika_2025-09-04_08-06-15-934-290x218.jpg 290w\" sizes=\"(max-width: 1600px) 100vw, 1600px\" \/><p id=\"caption-attachment-16311\" class=\"wp-caption-text\">Pavle \u0110or\u0111evi\u0107<\/p><\/div>\n<p><img decoding=\"async\" class=\"alignnone wp-image-16493 size-full\" src=\"https:\/\/serbiaorganica.info\/wp-content\/uploads\/2025\/09\/WhatsApp-Image-2025-09-06-at-11.04.29_bf3c4c3f-1.jpg\" alt=\"\" width=\"1600\" height=\"739\" srcset=\"https:\/\/serbiaorganica.info\/wp-content\/uploads\/2025\/09\/WhatsApp-Image-2025-09-06-at-11.04.29_bf3c4c3f-1.jpg 1600w, https:\/\/serbiaorganica.info\/wp-content\/uploads\/2025\/09\/WhatsApp-Image-2025-09-06-at-11.04.29_bf3c4c3f-1-300x139.jpg 300w, https:\/\/serbiaorganica.info\/wp-content\/uploads\/2025\/09\/WhatsApp-Image-2025-09-06-at-11.04.29_bf3c4c3f-1-1024x473.jpg 1024w, https:\/\/serbiaorganica.info\/wp-content\/uploads\/2025\/09\/WhatsApp-Image-2025-09-06-at-11.04.29_bf3c4c3f-1-768x355.jpg 768w, https:\/\/serbiaorganica.info\/wp-content\/uploads\/2025\/09\/WhatsApp-Image-2025-09-06-at-11.04.29_bf3c4c3f-1-1536x709.jpg 1536w, https:\/\/serbiaorganica.info\/wp-content\/uploads\/2025\/09\/WhatsApp-Image-2025-09-06-at-11.04.29_bf3c4c3f-1-800x369.jpg 800w, https:\/\/serbiaorganica.info\/wp-content\/uploads\/2025\/09\/WhatsApp-Image-2025-09-06-at-11.04.29_bf3c4c3f-1-1220x563.jpg 1220w, https:\/\/serbiaorganica.info\/wp-content\/uploads\/2025\/09\/WhatsApp-Image-2025-09-06-at-11.04.29_bf3c4c3f-1-915x423.jpg 915w, https:\/\/serbiaorganica.info\/wp-content\/uploads\/2025\/09\/WhatsApp-Image-2025-09-06-at-11.04.29_bf3c4c3f-1-600x277.jpg 600w, https:\/\/serbiaorganica.info\/wp-content\/uploads\/2025\/09\/WhatsApp-Image-2025-09-06-at-11.04.29_bf3c4c3f-1-290x134.jpg 290w\" sizes=\"(max-width: 1600px) 100vw, 1600px\" \/><\/p>\n<p><img loading=\"lazy\" decoding=\"async\" class=\"alignnone wp-image-16413 size-full\" src=\"https:\/\/serbiaorganica.info\/wp-content\/uploads\/2025\/09\/22816228.jpg\" alt=\"\" width=\"1600\" height=\"1067\" srcset=\"https:\/\/serbiaorganica.info\/wp-content\/uploads\/2025\/09\/22816228.jpg 1600w, https:\/\/serbiaorganica.info\/wp-content\/uploads\/2025\/09\/22816228-300x200.jpg 300w, https:\/\/serbiaorganica.info\/wp-content\/uploads\/2025\/09\/22816228-1024x683.jpg 1024w, https:\/\/serbiaorganica.info\/wp-content\/uploads\/2025\/09\/22816228-768x512.jpg 768w, https:\/\/serbiaorganica.info\/wp-content\/uploads\/2025\/09\/22816228-1536x1024.jpg 1536w, https:\/\/serbiaorganica.info\/wp-content\/uploads\/2025\/09\/22816228-800x533.jpg 800w, https:\/\/serbiaorganica.info\/wp-content\/uploads\/2025\/09\/22816228-1220x814.jpg 1220w, https:\/\/serbiaorganica.info\/wp-content\/uploads\/2025\/09\/22816228-915x610.jpg 915w, https:\/\/serbiaorganica.info\/wp-content\/uploads\/2025\/09\/22816228-600x400.jpg 600w, https:\/\/serbiaorganica.info\/wp-content\/uploads\/2025\/09\/22816228-290x193.jpg 290w\" sizes=\"(max-width: 1600px) 100vw, 1600px\" \/><\/p>\n<p><img loading=\"lazy\" decoding=\"async\" class=\"alignnone wp-image-16377 size-full\" src=\"https:\/\/serbiaorganica.info\/wp-content\/uploads\/2025\/09\/23208268.jpg\" alt=\"\" width=\"1600\" height=\"1067\" srcset=\"https:\/\/serbiaorganica.info\/wp-content\/uploads\/2025\/09\/23208268.jpg 1600w, https:\/\/serbiaorganica.info\/wp-content\/uploads\/2025\/09\/23208268-300x200.jpg 300w, https:\/\/serbiaorganica.info\/wp-content\/uploads\/2025\/09\/23208268-1024x683.jpg 1024w, https:\/\/serbiaorganica.info\/wp-content\/uploads\/2025\/09\/23208268-768x512.jpg 768w, https:\/\/serbiaorganica.info\/wp-content\/uploads\/2025\/09\/23208268-1536x1024.jpg 1536w, https:\/\/serbiaorganica.info\/wp-content\/uploads\/2025\/09\/23208268-800x533.jpg 800w, https:\/\/serbiaorganica.info\/wp-content\/uploads\/2025\/09\/23208268-1220x814.jpg 1220w, https:\/\/serbiaorganica.info\/wp-content\/uploads\/2025\/09\/23208268-915x610.jpg 915w, https:\/\/serbiaorganica.info\/wp-content\/uploads\/2025\/09\/23208268-600x400.jpg 600w, https:\/\/serbiaorganica.info\/wp-content\/uploads\/2025\/09\/23208268-290x193.jpg 290w\" sizes=\"(max-width: 1600px) 100vw, 1600px\" \/><\/p>\n<p><img loading=\"lazy\" decoding=\"async\" class=\"alignnone wp-image-16327 size-full\" src=\"https:\/\/serbiaorganica.info\/wp-content\/uploads\/2025\/09\/MixCollage-04-Sep-2025-07-43-PM-3287-scaled.jpg\" alt=\"Ivana Simi\u0107, Serbia Organica, Serbia Organika, Biodistrikt, Biodistrikti\" width=\"2560\" height=\"2560\" srcset=\"https:\/\/serbiaorganica.info\/wp-content\/uploads\/2025\/09\/MixCollage-04-Sep-2025-07-43-PM-3287-scaled.jpg 2560w, https:\/\/serbiaorganica.info\/wp-content\/uploads\/2025\/09\/MixCollage-04-Sep-2025-07-43-PM-3287-300x300.jpg 300w, https:\/\/serbiaorganica.info\/wp-content\/uploads\/2025\/09\/MixCollage-04-Sep-2025-07-43-PM-3287-1024x1024.jpg 1024w, https:\/\/serbiaorganica.info\/wp-content\/uploads\/2025\/09\/MixCollage-04-Sep-2025-07-43-PM-3287-150x150.jpg 150w, https:\/\/serbiaorganica.info\/wp-content\/uploads\/2025\/09\/MixCollage-04-Sep-2025-07-43-PM-3287-768x768.jpg 768w, https:\/\/serbiaorganica.info\/wp-content\/uploads\/2025\/09\/MixCollage-04-Sep-2025-07-43-PM-3287-1536x1536.jpg 1536w, https:\/\/serbiaorganica.info\/wp-content\/uploads\/2025\/09\/MixCollage-04-Sep-2025-07-43-PM-3287-2048x2048.jpg 2048w, https:\/\/serbiaorganica.info\/wp-content\/uploads\/2025\/09\/MixCollage-04-Sep-2025-07-43-PM-3287-1500x1500.jpg 1500w, https:\/\/serbiaorganica.info\/wp-content\/uploads\/2025\/09\/MixCollage-04-Sep-2025-07-43-PM-3287-1220x1220.jpg 1220w, https:\/\/serbiaorganica.info\/wp-content\/uploads\/2025\/09\/MixCollage-04-Sep-2025-07-43-PM-3287-915x915.jpg 915w, https:\/\/serbiaorganica.info\/wp-content\/uploads\/2025\/09\/MixCollage-04-Sep-2025-07-43-PM-3287-600x600.jpg 600w, https:\/\/serbiaorganica.info\/wp-content\/uploads\/2025\/09\/MixCollage-04-Sep-2025-07-43-PM-3287-290x290.jpg 290w\" sizes=\"(max-width: 2560px) 100vw, 2560px\" \/><\/p>\n<\/div>\n<div id=\"attachment_16315\" style=\"width: 1610px\" class=\"wp-caption alignnone\"><img loading=\"lazy\" decoding=\"async\" aria-describedby=\"caption-attachment-16315\" class=\"wp-image-16315 size-full\" src=\"https:\/\/serbiaorganica.info\/wp-content\/uploads\/2025\/09\/18858348.jpg\" alt=\"Ivana Simi\u0107\" width=\"1600\" height=\"1067\" srcset=\"https:\/\/serbiaorganica.info\/wp-content\/uploads\/2025\/09\/18858348.jpg 1600w, https:\/\/serbiaorganica.info\/wp-content\/uploads\/2025\/09\/18858348-300x200.jpg 300w, https:\/\/serbiaorganica.info\/wp-content\/uploads\/2025\/09\/18858348-1024x683.jpg 1024w, https:\/\/serbiaorganica.info\/wp-content\/uploads\/2025\/09\/18858348-768x512.jpg 768w, https:\/\/serbiaorganica.info\/wp-content\/uploads\/2025\/09\/18858348-1536x1024.jpg 1536w, https:\/\/serbiaorganica.info\/wp-content\/uploads\/2025\/09\/18858348-800x533.jpg 800w, https:\/\/serbiaorganica.info\/wp-content\/uploads\/2025\/09\/18858348-1220x814.jpg 1220w, https:\/\/serbiaorganica.info\/wp-content\/uploads\/2025\/09\/18858348-915x610.jpg 915w, https:\/\/serbiaorganica.info\/wp-content\/uploads\/2025\/09\/18858348-600x400.jpg 600w, https:\/\/serbiaorganica.info\/wp-content\/uploads\/2025\/09\/18858348-290x193.jpg 290w\" sizes=\"(max-width: 1600px) 100vw, 1600px\" \/><p id=\"caption-attachment-16315\" class=\"wp-caption-text\">Ivana Simi\u0107<\/p><\/div>\n<div id=\"attachment_16317\" style=\"width: 1610px\" class=\"wp-caption alignnone\"><img loading=\"lazy\" decoding=\"async\" aria-describedby=\"caption-attachment-16317\" class=\"wp-image-16317 size-full\" src=\"https:\/\/serbiaorganica.info\/wp-content\/uploads\/2025\/09\/18805579.jpg\" alt=\"\" width=\"1600\" height=\"1067\" srcset=\"https:\/\/serbiaorganica.info\/wp-content\/uploads\/2025\/09\/18805579.jpg 1600w, https:\/\/serbiaorganica.info\/wp-content\/uploads\/2025\/09\/18805579-300x200.jpg 300w, https:\/\/serbiaorganica.info\/wp-content\/uploads\/2025\/09\/18805579-1024x683.jpg 1024w, https:\/\/serbiaorganica.info\/wp-content\/uploads\/2025\/09\/18805579-768x512.jpg 768w, https:\/\/serbiaorganica.info\/wp-content\/uploads\/2025\/09\/18805579-1536x1024.jpg 1536w, https:\/\/serbiaorganica.info\/wp-content\/uploads\/2025\/09\/18805579-800x533.jpg 800w, https:\/\/serbiaorganica.info\/wp-content\/uploads\/2025\/09\/18805579-1220x814.jpg 1220w, https:\/\/serbiaorganica.info\/wp-content\/uploads\/2025\/09\/18805579-915x610.jpg 915w, https:\/\/serbiaorganica.info\/wp-content\/uploads\/2025\/09\/18805579-600x400.jpg 600w, https:\/\/serbiaorganica.info\/wp-content\/uploads\/2025\/09\/18805579-290x193.jpg 290w\" sizes=\"(max-width: 1600px) 100vw, 1600px\" \/><p id=\"caption-attachment-16317\" class=\"wp-caption-text\">Pavle \u0110or\u0111evi\u0107<\/p><\/div>\n<div>\n<div id=\"attachment_16313\" style=\"width: 1007px\" class=\"wp-caption alignnone\"><img loading=\"lazy\" decoding=\"async\" aria-describedby=\"caption-attachment-16313\" class=\"wp-image-16313 \" src=\"https:\/\/serbiaorganica.info\/wp-content\/uploads\/2025\/09\/viber_slika_2025-09-04_08-44-20-1079999.jpg\" alt=\"Ivana Simi\u0107, Serbia Organica, Serbia Organika, Biodistrikt, Biodistrikti\" width=\"997\" height=\"1211\" srcset=\"https:\/\/serbiaorganica.info\/wp-content\/uploads\/2025\/09\/viber_slika_2025-09-04_08-44-20-1079999.jpg 1133w, https:\/\/serbiaorganica.info\/wp-content\/uploads\/2025\/09\/viber_slika_2025-09-04_08-44-20-1079999-247x300.jpg 247w, https:\/\/serbiaorganica.info\/wp-content\/uploads\/2025\/09\/viber_slika_2025-09-04_08-44-20-1079999-843x1024.jpg 843w, https:\/\/serbiaorganica.info\/wp-content\/uploads\/2025\/09\/viber_slika_2025-09-04_08-44-20-1079999-768x933.jpg 768w, https:\/\/serbiaorganica.info\/wp-content\/uploads\/2025\/09\/viber_slika_2025-09-04_08-44-20-1079999-566x688.jpg 566w, https:\/\/serbiaorganica.info\/wp-content\/uploads\/2025\/09\/viber_slika_2025-09-04_08-44-20-1079999-915x1111.jpg 915w, https:\/\/serbiaorganica.info\/wp-content\/uploads\/2025\/09\/viber_slika_2025-09-04_08-44-20-1079999-600x729.jpg 600w, https:\/\/serbiaorganica.info\/wp-content\/uploads\/2025\/09\/viber_slika_2025-09-04_08-44-20-1079999-290x352.jpg 290w\" sizes=\"(max-width: 997px) 100vw, 997px\" \/><p id=\"caption-attachment-16313\" class=\"wp-caption-text\">Ivana Simi\u0107<\/p><\/div>\n<p><img loading=\"lazy\" decoding=\"async\" class=\"alignnone wp-image-16319 size-full\" src=\"https:\/\/serbiaorganica.info\/wp-content\/uploads\/2025\/09\/viber_slika_2025-09-04_08-44-20-034.jpg\" alt=\"Ivana Simi\u0107, Serbia Organica, Serbia Organika, Biodistrikt, Biodistrikti\" width=\"1600\" height=\"1200\" srcset=\"https:\/\/serbiaorganica.info\/wp-content\/uploads\/2025\/09\/viber_slika_2025-09-04_08-44-20-034.jpg 1600w, https:\/\/serbiaorganica.info\/wp-content\/uploads\/2025\/09\/viber_slika_2025-09-04_08-44-20-034-300x225.jpg 300w, https:\/\/serbiaorganica.info\/wp-content\/uploads\/2025\/09\/viber_slika_2025-09-04_08-44-20-034-1024x768.jpg 1024w, https:\/\/serbiaorganica.info\/wp-content\/uploads\/2025\/09\/viber_slika_2025-09-04_08-44-20-034-768x576.jpg 768w, https:\/\/serbiaorganica.info\/wp-content\/uploads\/2025\/09\/viber_slika_2025-09-04_08-44-20-034-1536x1152.jpg 1536w, https:\/\/serbiaorganica.info\/wp-content\/uploads\/2025\/09\/viber_slika_2025-09-04_08-44-20-034-800x600.jpg 800w, https:\/\/serbiaorganica.info\/wp-content\/uploads\/2025\/09\/viber_slika_2025-09-04_08-44-20-034-1220x915.jpg 1220w, https:\/\/serbiaorganica.info\/wp-content\/uploads\/2025\/09\/viber_slika_2025-09-04_08-44-20-034-915x686.jpg 915w, https:\/\/serbiaorganica.info\/wp-content\/uploads\/2025\/09\/viber_slika_2025-09-04_08-44-20-034-600x450.jpg 600w, https:\/\/serbiaorganica.info\/wp-content\/uploads\/2025\/09\/viber_slika_2025-09-04_08-44-20-034-290x218.jpg 290w\" sizes=\"(max-width: 1600px) 100vw, 1600px\" \/><\/p>\n<div id=\"attachment_16321\" style=\"width: 1610px\" class=\"wp-caption alignnone\"><img loading=\"lazy\" decoding=\"async\" aria-describedby=\"caption-attachment-16321\" class=\"wp-image-16321 size-full\" src=\"https:\/\/serbiaorganica.info\/wp-content\/uploads\/2025\/09\/18837561.jpg\" alt=\"\" width=\"1600\" height=\"1067\" srcset=\"https:\/\/serbiaorganica.info\/wp-content\/uploads\/2025\/09\/18837561.jpg 1600w, https:\/\/serbiaorganica.info\/wp-content\/uploads\/2025\/09\/18837561-300x200.jpg 300w, https:\/\/serbiaorganica.info\/wp-content\/uploads\/2025\/09\/18837561-1024x683.jpg 1024w, https:\/\/serbiaorganica.info\/wp-content\/uploads\/2025\/09\/18837561-768x512.jpg 768w, https:\/\/serbiaorganica.info\/wp-content\/uploads\/2025\/09\/18837561-1536x1024.jpg 1536w, https:\/\/serbiaorganica.info\/wp-content\/uploads\/2025\/09\/18837561-800x533.jpg 800w, https:\/\/serbiaorganica.info\/wp-content\/uploads\/2025\/09\/18837561-1220x814.jpg 1220w, https:\/\/serbiaorganica.info\/wp-content\/uploads\/2025\/09\/18837561-915x610.jpg 915w, https:\/\/serbiaorganica.info\/wp-content\/uploads\/2025\/09\/18837561-600x400.jpg 600w, https:\/\/serbiaorganica.info\/wp-content\/uploads\/2025\/09\/18837561-290x193.jpg 290w\" sizes=\"(max-width: 1600px) 100vw, 1600px\" \/><p id=\"caption-attachment-16321\" class=\"wp-caption-text\">Pavle \u0110or\u0111evi\u0107<\/p><\/div>\n<p><img loading=\"lazy\" decoding=\"async\" class=\"alignnone wp-image-16323 size-full\" src=\"https:\/\/serbiaorganica.info\/wp-content\/uploads\/2025\/09\/17548074.jpg\" alt=\"Ivana Simi\u0107, Serbia Organica, Serbia Organika, Biodistrikt, Biodistrikti\" width=\"1600\" height=\"1065\" srcset=\"https:\/\/serbiaorganica.info\/wp-content\/uploads\/2025\/09\/17548074.jpg 1600w, https:\/\/serbiaorganica.info\/wp-content\/uploads\/2025\/09\/17548074-300x200.jpg 300w, https:\/\/serbiaorganica.info\/wp-content\/uploads\/2025\/09\/17548074-1024x682.jpg 1024w, https:\/\/serbiaorganica.info\/wp-content\/uploads\/2025\/09\/17548074-768x511.jpg 768w, https:\/\/serbiaorganica.info\/wp-content\/uploads\/2025\/09\/17548074-1536x1022.jpg 1536w, https:\/\/serbiaorganica.info\/wp-content\/uploads\/2025\/09\/17548074-800x532.jpg 800w, https:\/\/serbiaorganica.info\/wp-content\/uploads\/2025\/09\/17548074-1220x812.jpg 1220w, https:\/\/serbiaorganica.info\/wp-content\/uploads\/2025\/09\/17548074-915x609.jpg 915w, https:\/\/serbiaorganica.info\/wp-content\/uploads\/2025\/09\/17548074-600x399.jpg 600w, https:\/\/serbiaorganica.info\/wp-content\/uploads\/2025\/09\/17548074-290x193.jpg 290w\" sizes=\"(max-width: 1600px) 100vw, 1600px\" \/><\/p>\n<p><img loading=\"lazy\" decoding=\"async\" class=\"alignnone wp-image-16411 size-full\" src=\"https:\/\/serbiaorganica.info\/wp-content\/uploads\/2025\/09\/2295807777777.jpg\" alt=\"\" width=\"1434\" height=\"950\" srcset=\"https:\/\/serbiaorganica.info\/wp-content\/uploads\/2025\/09\/2295807777777.jpg 1434w, https:\/\/serbiaorganica.info\/wp-content\/uploads\/2025\/09\/2295807777777-300x199.jpg 300w, https:\/\/serbiaorganica.info\/wp-content\/uploads\/2025\/09\/2295807777777-1024x678.jpg 1024w, https:\/\/serbiaorganica.info\/wp-content\/uploads\/2025\/09\/2295807777777-768x509.jpg 768w, https:\/\/serbiaorganica.info\/wp-content\/uploads\/2025\/09\/2295807777777-717x475.jpg 717w, https:\/\/serbiaorganica.info\/wp-content\/uploads\/2025\/09\/2295807777777-1220x808.jpg 1220w, https:\/\/serbiaorganica.info\/wp-content\/uploads\/2025\/09\/2295807777777-915x606.jpg 915w, https:\/\/serbiaorganica.info\/wp-content\/uploads\/2025\/09\/2295807777777-600x397.jpg 600w, https:\/\/serbiaorganica.info\/wp-content\/uploads\/2025\/09\/2295807777777-290x192.jpg 290w\" sizes=\"(max-width: 1434px) 100vw, 1434px\" \/><\/p>\n<p><img loading=\"lazy\" decoding=\"async\" class=\"alignnone wp-image-16329 size-full\" src=\"https:\/\/serbiaorganica.info\/wp-content\/uploads\/2025\/09\/viber_slika_2025-09-02_12-45-11-774.jpg\" alt=\"Ivana Simi\u0107, Serbia Organica, Serbia Organika, Biodistrikt, Biodistrikti\" width=\"1600\" height=\"1200\" srcset=\"https:\/\/serbiaorganica.info\/wp-content\/uploads\/2025\/09\/viber_slika_2025-09-02_12-45-11-774.jpg 1600w, https:\/\/serbiaorganica.info\/wp-content\/uploads\/2025\/09\/viber_slika_2025-09-02_12-45-11-774-300x225.jpg 300w, https:\/\/serbiaorganica.info\/wp-content\/uploads\/2025\/09\/viber_slika_2025-09-02_12-45-11-774-1024x768.jpg 1024w, https:\/\/serbiaorganica.info\/wp-content\/uploads\/2025\/09\/viber_slika_2025-09-02_12-45-11-774-768x576.jpg 768w, https:\/\/serbiaorganica.info\/wp-content\/uploads\/2025\/09\/viber_slika_2025-09-02_12-45-11-774-1536x1152.jpg 1536w, https:\/\/serbiaorganica.info\/wp-content\/uploads\/2025\/09\/viber_slika_2025-09-02_12-45-11-774-800x600.jpg 800w, https:\/\/serbiaorganica.info\/wp-content\/uploads\/2025\/09\/viber_slika_2025-09-02_12-45-11-774-1220x915.jpg 1220w, https:\/\/serbiaorganica.info\/wp-content\/uploads\/2025\/09\/viber_slika_2025-09-02_12-45-11-774-915x686.jpg 915w, https:\/\/serbiaorganica.info\/wp-content\/uploads\/2025\/09\/viber_slika_2025-09-02_12-45-11-774-600x450.jpg 600w, https:\/\/serbiaorganica.info\/wp-content\/uploads\/2025\/09\/viber_slika_2025-09-02_12-45-11-774-290x218.jpg 290w\" sizes=\"(max-width: 1600px) 100vw, 1600px\" \/><\/p>\n<p><img loading=\"lazy\" decoding=\"async\" class=\"alignnone wp-image-16333 size-full\" src=\"https:\/\/serbiaorganica.info\/wp-content\/uploads\/2025\/09\/MixCollage-04-Sep-2025-07-24-PM-9447-scaled.jpg\" alt=\"\" width=\"2560\" height=\"2560\" srcset=\"https:\/\/serbiaorganica.info\/wp-content\/uploads\/2025\/09\/MixCollage-04-Sep-2025-07-24-PM-9447-scaled.jpg 2560w, https:\/\/serbiaorganica.info\/wp-content\/uploads\/2025\/09\/MixCollage-04-Sep-2025-07-24-PM-9447-300x300.jpg 300w, https:\/\/serbiaorganica.info\/wp-content\/uploads\/2025\/09\/MixCollage-04-Sep-2025-07-24-PM-9447-1024x1024.jpg 1024w, https:\/\/serbiaorganica.info\/wp-content\/uploads\/2025\/09\/MixCollage-04-Sep-2025-07-24-PM-9447-150x150.jpg 150w, https:\/\/serbiaorganica.info\/wp-content\/uploads\/2025\/09\/MixCollage-04-Sep-2025-07-24-PM-9447-768x768.jpg 768w, https:\/\/serbiaorganica.info\/wp-content\/uploads\/2025\/09\/MixCollage-04-Sep-2025-07-24-PM-9447-1536x1536.jpg 1536w, https:\/\/serbiaorganica.info\/wp-content\/uploads\/2025\/09\/MixCollage-04-Sep-2025-07-24-PM-9447-2048x2048.jpg 2048w, https:\/\/serbiaorganica.info\/wp-content\/uploads\/2025\/09\/MixCollage-04-Sep-2025-07-24-PM-9447-1500x1500.jpg 1500w, https:\/\/serbiaorganica.info\/wp-content\/uploads\/2025\/09\/MixCollage-04-Sep-2025-07-24-PM-9447-1220x1220.jpg 1220w, https:\/\/serbiaorganica.info\/wp-content\/uploads\/2025\/09\/MixCollage-04-Sep-2025-07-24-PM-9447-915x915.jpg 915w, https:\/\/serbiaorganica.info\/wp-content\/uploads\/2025\/09\/MixCollage-04-Sep-2025-07-24-PM-9447-600x600.jpg 600w, https:\/\/serbiaorganica.info\/wp-content\/uploads\/2025\/09\/MixCollage-04-Sep-2025-07-24-PM-9447-290x290.jpg 290w\" sizes=\"(max-width: 2560px) 100vw, 2560px\" \/><img loading=\"lazy\" decoding=\"async\" class=\"alignnone wp-image-16331 size-full\" src=\"https:\/\/serbiaorganica.info\/wp-content\/uploads\/2025\/09\/viber_slika_2025-09-04_13-09-52-092.jpg\" alt=\"Ivana Simi\u0107, Serbia Organica, Serbia Organika, Biodistrikt, Biodistrikti\" width=\"1600\" height=\"1200\" srcset=\"https:\/\/serbiaorganica.info\/wp-content\/uploads\/2025\/09\/viber_slika_2025-09-04_13-09-52-092.jpg 1600w, https:\/\/serbiaorganica.info\/wp-content\/uploads\/2025\/09\/viber_slika_2025-09-04_13-09-52-092-300x225.jpg 300w, https:\/\/serbiaorganica.info\/wp-content\/uploads\/2025\/09\/viber_slika_2025-09-04_13-09-52-092-1024x768.jpg 1024w, https:\/\/serbiaorganica.info\/wp-content\/uploads\/2025\/09\/viber_slika_2025-09-04_13-09-52-092-768x576.jpg 768w, https:\/\/serbiaorganica.info\/wp-content\/uploads\/2025\/09\/viber_slika_2025-09-04_13-09-52-092-1536x1152.jpg 1536w, https:\/\/serbiaorganica.info\/wp-content\/uploads\/2025\/09\/viber_slika_2025-09-04_13-09-52-092-800x600.jpg 800w, https:\/\/serbiaorganica.info\/wp-content\/uploads\/2025\/09\/viber_slika_2025-09-04_13-09-52-092-1220x915.jpg 1220w, https:\/\/serbiaorganica.info\/wp-content\/uploads\/2025\/09\/viber_slika_2025-09-04_13-09-52-092-915x686.jpg 915w, https:\/\/serbiaorganica.info\/wp-content\/uploads\/2025\/09\/viber_slika_2025-09-04_13-09-52-092-600x450.jpg 600w, https:\/\/serbiaorganica.info\/wp-content\/uploads\/2025\/09\/viber_slika_2025-09-04_13-09-52-092-290x218.jpg 290w\" sizes=\"(max-width: 1600px) 100vw, 1600px\" \/><\/p>\n<p><img loading=\"lazy\" decoding=\"async\" class=\"alignnone wp-image-16335 size-full\" src=\"https:\/\/serbiaorganica.info\/wp-content\/uploads\/2025\/09\/MixCollage-04-Sep-2025-07-26-PM-4026-scaled.jpg\" alt=\"\" width=\"2560\" height=\"2560\" srcset=\"https:\/\/serbiaorganica.info\/wp-content\/uploads\/2025\/09\/MixCollage-04-Sep-2025-07-26-PM-4026-scaled.jpg 2560w, https:\/\/serbiaorganica.info\/wp-content\/uploads\/2025\/09\/MixCollage-04-Sep-2025-07-26-PM-4026-300x300.jpg 300w, https:\/\/serbiaorganica.info\/wp-content\/uploads\/2025\/09\/MixCollage-04-Sep-2025-07-26-PM-4026-1024x1024.jpg 1024w, https:\/\/serbiaorganica.info\/wp-content\/uploads\/2025\/09\/MixCollage-04-Sep-2025-07-26-PM-4026-150x150.jpg 150w, https:\/\/serbiaorganica.info\/wp-content\/uploads\/2025\/09\/MixCollage-04-Sep-2025-07-26-PM-4026-768x768.jpg 768w, https:\/\/serbiaorganica.info\/wp-content\/uploads\/2025\/09\/MixCollage-04-Sep-2025-07-26-PM-4026-1536x1536.jpg 1536w, https:\/\/serbiaorganica.info\/wp-content\/uploads\/2025\/09\/MixCollage-04-Sep-2025-07-26-PM-4026-2048x2048.jpg 2048w, https:\/\/serbiaorganica.info\/wp-content\/uploads\/2025\/09\/MixCollage-04-Sep-2025-07-26-PM-4026-1500x1500.jpg 1500w, https:\/\/serbiaorganica.info\/wp-content\/uploads\/2025\/09\/MixCollage-04-Sep-2025-07-26-PM-4026-1220x1220.jpg 1220w, https:\/\/serbiaorganica.info\/wp-content\/uploads\/2025\/09\/MixCollage-04-Sep-2025-07-26-PM-4026-915x915.jpg 915w, https:\/\/serbiaorganica.info\/wp-content\/uploads\/2025\/09\/MixCollage-04-Sep-2025-07-26-PM-4026-600x600.jpg 600w, https:\/\/serbiaorganica.info\/wp-content\/uploads\/2025\/09\/MixCollage-04-Sep-2025-07-26-PM-4026-290x290.jpg 290w\" sizes=\"(max-width: 2560px) 100vw, 2560px\" \/><\/p>\n<p><img loading=\"lazy\" decoding=\"async\" class=\"alignnone wp-image-16337 size-full\" src=\"https:\/\/serbiaorganica.info\/wp-content\/uploads\/2025\/09\/MixCollage-04-Sep-2025-07-28-PM-8284-scaled.jpg\" alt=\"\" width=\"2560\" height=\"2560\" srcset=\"https:\/\/serbiaorganica.info\/wp-content\/uploads\/2025\/09\/MixCollage-04-Sep-2025-07-28-PM-8284-scaled.jpg 2560w, https:\/\/serbiaorganica.info\/wp-content\/uploads\/2025\/09\/MixCollage-04-Sep-2025-07-28-PM-8284-300x300.jpg 300w, https:\/\/serbiaorganica.info\/wp-content\/uploads\/2025\/09\/MixCollage-04-Sep-2025-07-28-PM-8284-1024x1024.jpg 1024w, https:\/\/serbiaorganica.info\/wp-content\/uploads\/2025\/09\/MixCollage-04-Sep-2025-07-28-PM-8284-150x150.jpg 150w, https:\/\/serbiaorganica.info\/wp-content\/uploads\/2025\/09\/MixCollage-04-Sep-2025-07-28-PM-8284-768x768.jpg 768w, https:\/\/serbiaorganica.info\/wp-content\/uploads\/2025\/09\/MixCollage-04-Sep-2025-07-28-PM-8284-1536x1536.jpg 1536w, https:\/\/serbiaorganica.info\/wp-content\/uploads\/2025\/09\/MixCollage-04-Sep-2025-07-28-PM-8284-2048x2048.jpg 2048w, https:\/\/serbiaorganica.info\/wp-content\/uploads\/2025\/09\/MixCollage-04-Sep-2025-07-28-PM-8284-1500x1500.jpg 1500w, https:\/\/serbiaorganica.info\/wp-content\/uploads\/2025\/09\/MixCollage-04-Sep-2025-07-28-PM-8284-1220x1220.jpg 1220w, https:\/\/serbiaorganica.info\/wp-content\/uploads\/2025\/09\/MixCollage-04-Sep-2025-07-28-PM-8284-915x915.jpg 915w, https:\/\/serbiaorganica.info\/wp-content\/uploads\/2025\/09\/MixCollage-04-Sep-2025-07-28-PM-8284-600x600.jpg 600w, https:\/\/serbiaorganica.info\/wp-content\/uploads\/2025\/09\/MixCollage-04-Sep-2025-07-28-PM-8284-290x290.jpg 290w\" sizes=\"(max-width: 2560px) 100vw, 2560px\" \/><\/p>\n<\/div>\n","protected":false},"excerpt":{"rendered":"<p>At the prestigious gathering that brought together more than 100 experts from 25 countries across 5 continents, held from August 26 to 29, 2025, in Lingqiu, Datong (China), Serbia made a significant step forward toward international recognition in the field of organic agriculture and sustainable rural development, by presenting its first biodistrict-Kolubara Biodistrict. The delegation [&hellip;]<\/p>\n","protected":false},"author":2,"featured_media":16372,"comment_status":"closed","ping_status":"closed","sticky":false,"template":"","format":"standard","meta":{"footnotes":""},"categories":[33,32,22],"tags":[],"class_list":["post-16346","post","type-post","status-publish","format-standard","has-post-thumbnail","hentry","category-event-calendar","category-innovation","category-news"],"_links":{"self":[{"href":"https:\/\/serbiaorganica.info\/en\/wp-json\/wp\/v2\/posts\/16346","targetHints":{"allow":["GET"]}}],"collection":[{"href":"https:\/\/serbiaorganica.info\/en\/wp-json\/wp\/v2\/posts"}],"about":[{"href":"https:\/\/serbiaorganica.info\/en\/wp-json\/wp\/v2\/types\/post"}],"author":[{"embeddable":true,"href":"https:\/\/serbiaorganica.info\/en\/wp-json\/wp\/v2\/users\/2"}],"replies":[{"embeddable":true,"href":"https:\/\/serbiaorganica.info\/en\/wp-json\/wp\/v2\/comments?post=16346"}],"version-history":[{"count":7,"href":"https:\/\/serbiaorganica.info\/en\/wp-json\/wp\/v2\/posts\/16346\/revisions"}],"predecessor-version":[{"id":16495,"href":"https:\/\/serbiaorganica.info\/en\/wp-json\/wp\/v2\/posts\/16346\/revisions\/16495"}],"wp:featuredmedia":[{"embeddable":true,"href":"https:\/\/serbiaorganica.info\/en\/wp-json\/wp\/v2\/media\/16372"}],"wp:attachment":[{"href":"https:\/\/serbiaorganica.info\/en\/wp-json\/wp\/v2\/media?parent=16346"}],"wp:term":[{"taxonomy":"category","embeddable":true,"href":"https:\/\/serbiaorganica.info\/en\/wp-json\/wp\/v2\/categories?post=16346"},{"taxonomy":"post_tag","embeddable":true,"href":"https:\/\/serbiaorganica.info\/en\/wp-json\/wp\/v2\/tags?post=16346"}],"curies":[{"name":"wp","href":"https:\/\/api.w.org\/{rel}","templated":true}]}}